{"id":16198,"date":"2024-03-26T12:37:34","date_gmt":"2024-03-26T11:37:34","guid":{"rendered":"https:\/\/immune.institute\/?p=16198"},"modified":"2025-10-07T11:24:09","modified_gmt":"2025-10-07T09:24:09","slug":"recursos-para-disenadores-ux-ui","status":"publish","type":"post","link":"https:\/\/immune.institute\/en\/blog\/recursos-para-disenadores-ux-ui\/","title":{"rendered":"Resources for UX\/UI Designers: Extending the Original Text"},"content":{"rendered":"<p class=\"wp-block-paragraph\">Hello, I'm back with a new instalment of Design Talks. On this occasion, I bring you a selection of <strong>resources for UX\/UI designers<\/strong> I have encountered in the last few days. <\/p>\n\n\n\n<p class=\"wp-block-paragraph\">We will explore issues such as <strong>influence of AI on creative tools<\/strong>We will be looking at innovative methodologies for product design, the importance of writing in design and the application of philosophical principles to creativity. See what you think \ud83d\ude09.<\/p>\n\n\n\n<hr class=\"wp-block-separator has-alpha-channel-opacity is-style-dots\"\/>\n\n\n\n<h2 class=\"wp-block-heading\">Drams: Framer components inspired by Dieter Rams&#8217; design principles<\/h2>\n\n\n\n<p class=\"wp-block-paragraph\"><a href=\"https:\/\/drams.framer.website\/\" data-type=\"link\" data-id=\"https:\/\/drams.framer.website\/\" target=\"_blank\" rel=\"noreferrer noopener\"><strong>Drams<\/strong><\/a> is a wonderful website built with Framer, a bunch of&nbsp;<strong>free-to-use components<\/strong>&nbsp;made with a lot of love and dedication. <\/p>\n\n\n\n<p class=\"wp-block-paragraph\">The technical workmanship is incredible, they have sound, and they perfectly reflect the spirit of the Braun brand that has marked part of the history of modern product design.<\/p>\n\n\n\n<p class=\"wp-block-paragraph\">You can't miss it, it's very addictive.<\/p>\n\n\n\n<figure class=\"wp-block-image aligncenter size-full is-resized\"><img decoding=\"async\" width=\"1920\" height=\"1080\" src=\"https:\/\/principal.immune.institute\/wp-content\/uploads\/2024\/03\/Design-Talks-MAR3.png\" alt=\"Resources for UX\/UI designers\" class=\"wp-image-16202\" style=\"width:654px;height:auto\" srcset=\"https:\/\/immune.institute\/wp-content\/uploads\/2024\/03\/Design-Talks-MAR3.png 1920w, https:\/\/immune.institute\/wp-content\/uploads\/2024\/03\/Design-Talks-MAR3-256x144.png 256w, https:\/\/immune.institute\/wp-content\/uploads\/2024\/03\/Design-Talks-MAR3-512x288.png 512w, https:\/\/immune.institute\/wp-content\/uploads\/2024\/03\/Design-Talks-MAR3-768x432.png 768w, https:\/\/immune.institute\/wp-content\/uploads\/2024\/03\/Design-Talks-MAR3-1024x576.png 1024w, https:\/\/immune.institute\/wp-content\/uploads\/2024\/03\/Design-Talks-MAR3-1536x864.png 1536w, https:\/\/immune.institute\/wp-content\/uploads\/2024\/03\/Design-Talks-MAR3-18x10.png 18w\" sizes=\"(max-width: 1920px) 100vw, 1920px\" \/><\/figure>\n\n\n\n<div style=\"height:58px\" aria-hidden=\"true\" class=\"wp-block-spacer\"><\/div>\n\n\n\n<h2 class=\"wp-block-heading\">David Hoang \u00abHow AI will influence creative tools: A conversation with Replit\u2019s David Hoang\u00bb &#8211; Figma Blog<\/h2>\n\n\n\n<p class=\"wp-block-paragraph\">In this Figma blog interview, David Hoang explores the future of creative tools under the impact of artificial intelligence.<\/p>\n\n\n\n<p class=\"wp-block-paragraph\"><strong><a href=\"https:\/\/www.figma.com\/blog\/david-hoang-on-how-ai-will-influence-creative-tools\/\" target=\"_blank\" data-type=\"link\" data-id=\"https:\/\/www.figma.com\/blog\/david-hoang-on-how-ai-will-influence-creative-tools\/\" rel=\"noreferrer noopener\">This article<\/a> <\/strong>not only delves into how AI is beginning to influence design but also how it can amplify the creativity and efficiency of designers.<\/p>\n\n\n\n<p class=\"wp-block-paragraph\">A must-read if you are interested in this cool moment we are living in of total hybridisation between technology and design.<\/p>\n\n\n\n<figure class=\"wp-block-image aligncenter size-full is-resized\"><img decoding=\"async\" width=\"1920\" height=\"1080\" src=\"https:\/\/principal.immune.institute\/wp-content\/uploads\/2024\/03\/Design-Talks-MAR4.png\" alt=\"Resources for UX\/UI designers\" class=\"wp-image-16203\" style=\"width:587px;height:auto\" srcset=\"https:\/\/immune.institute\/wp-content\/uploads\/2024\/03\/Design-Talks-MAR4.png 1920w, https:\/\/immune.institute\/wp-content\/uploads\/2024\/03\/Design-Talks-MAR4-256x144.png 256w, https:\/\/immune.institute\/wp-content\/uploads\/2024\/03\/Design-Talks-MAR4-512x288.png 512w, https:\/\/immune.institute\/wp-content\/uploads\/2024\/03\/Design-Talks-MAR4-768x432.png 768w, https:\/\/immune.institute\/wp-content\/uploads\/2024\/03\/Design-Talks-MAR4-1024x576.png 1024w, https:\/\/immune.institute\/wp-content\/uploads\/2024\/03\/Design-Talks-MAR4-1536x864.png 1536w, https:\/\/immune.institute\/wp-content\/uploads\/2024\/03\/Design-Talks-MAR4-18x10.png 18w\" sizes=\"(max-width: 1920px) 100vw, 1920px\" \/><\/figure>\n\n\n\n<div style=\"height:58px\" aria-hidden=\"true\" class=\"wp-block-spacer\"><\/div>\n\n\n\n<h2 class=\"wp-block-heading\"><strong>Rethinking the startup MVP: Building a competitive product &#8211; Linear Blog.<\/strong><\/h2>\n\n\n\n<p class=\"wp-block-paragraph\">The Linear team offers a different and fresh perspective on how to approach minimum viable product (MVP) development in startups.<\/p>\n\n\n\n<p class=\"wp-block-paragraph\">In the article <a href=\"https:\/\/linear.app\/blog\/rethinking-the-startup-mvp-building-a-competitive-product\" target=\"_blank\" data-type=\"link\" data-id=\"https:\/\/linear.app\/blog\/rethinking-the-startup-mvp-building-a-competitive-product\" rel=\"noreferrer noopener\">\u00bb <strong>Rethinking the startup MVP: Building a competitive product <\/strong>\u00ab<\/a>They argue the importance of moving beyond the traditional approach to create products that not only meet the minimum requirements but are truly competitive from launch.<\/p>\n\n\n\n<p class=\"wp-block-paragraph\">A reflection for entrepreneurs and product designers that seeks to review the classic concept of \"fail fast, fail cheap\" and transform the vision that Eric Ries provided in 2011 in his best-seller \"The Lean Startup\". Super interesting.<\/p>\n\n\n\n<figure class=\"wp-block-image aligncenter size-full is-resized\"><img decoding=\"async\" width=\"1920\" height=\"1080\" src=\"https:\/\/principal.immune.institute\/wp-content\/uploads\/2024\/03\/Design-Talks-MAR2.png\" alt=\"Resources for UX\/UI designers\" class=\"wp-image-16204\" style=\"width:551px;height:auto\" srcset=\"https:\/\/immune.institute\/wp-content\/uploads\/2024\/03\/Design-Talks-MAR2.png 1920w, https:\/\/immune.institute\/wp-content\/uploads\/2024\/03\/Design-Talks-MAR2-256x144.png 256w, https:\/\/immune.institute\/wp-content\/uploads\/2024\/03\/Design-Talks-MAR2-512x288.png 512w, https:\/\/immune.institute\/wp-content\/uploads\/2024\/03\/Design-Talks-MAR2-768x432.png 768w, https:\/\/immune.institute\/wp-content\/uploads\/2024\/03\/Design-Talks-MAR2-1024x576.png 1024w, https:\/\/immune.institute\/wp-content\/uploads\/2024\/03\/Design-Talks-MAR2-1536x864.png 1536w, https:\/\/immune.institute\/wp-content\/uploads\/2024\/03\/Design-Talks-MAR2-18x10.png 18w\" sizes=\"(max-width: 1920px) 100vw, 1920px\" \/><\/figure>\n\n\n\n<div style=\"height:58px\" aria-hidden=\"true\" class=\"wp-block-spacer\"><\/div>\n\n\n\n<h2 class=\"wp-block-heading\"><strong>Writing is design &#8211; PJ Onori<\/strong><\/h2>\n\n\n\n<p class=\"wp-block-paragraph\">PJ Onori reminds us that writing is not just a form of communication, but a powerful design tool. This post delves into how writing and design interact, impacting usability, accessibility and the overall user experience.<\/p>\n\n\n\n<p class=\"wp-block-paragraph\"><strong><a href=\"https:\/\/pjonori.blog\/posts\/writing-is-design\/\" target=\"_blank\" data-type=\"link\" data-id=\"https:\/\/pjonori.blog\/posts\/writing-is-design\/\" rel=\"noreferrer noopener\">Onori<\/a><\/strong> takes an easy-to-understand look at the importance of words in designing memorable experiences. So you can't stop reading it \ud83d\ude09.<\/p>\n\n\n\n<figure class=\"wp-block-image aligncenter size-full is-resized\"><img decoding=\"async\" width=\"1920\" height=\"1080\" src=\"https:\/\/principal.immune.institute\/wp-content\/uploads\/2024\/03\/Design-Talks_MAR1.png\" alt=\"\" class=\"wp-image-16205\" style=\"width:480px;height:auto\" srcset=\"https:\/\/immune.institute\/wp-content\/uploads\/2024\/03\/Design-Talks_MAR1.png 1920w, https:\/\/immune.institute\/wp-content\/uploads\/2024\/03\/Design-Talks_MAR1-256x144.png 256w, https:\/\/immune.institute\/wp-content\/uploads\/2024\/03\/Design-Talks_MAR1-512x288.png 512w, https:\/\/immune.institute\/wp-content\/uploads\/2024\/03\/Design-Talks_MAR1-768x432.png 768w, https:\/\/immune.institute\/wp-content\/uploads\/2024\/03\/Design-Talks_MAR1-1024x576.png 1024w, https:\/\/immune.institute\/wp-content\/uploads\/2024\/03\/Design-Talks_MAR1-1536x864.png 1536w, https:\/\/immune.institute\/wp-content\/uploads\/2024\/03\/Design-Talks_MAR1-18x10.png 18w\" sizes=\"(max-width: 1920px) 100vw, 1920px\" \/><\/figure>\n\n\n\n<div style=\"height:58px\" aria-hidden=\"true\" class=\"wp-block-spacer\"><\/div>\n\n\n\n<h2 class=\"wp-block-heading\">Una peque\u00f1a reflexi\u00f3n&#8230;<\/h2>\n\n\n\n<p class=\"wp-block-paragraph\">And finally, Ralph Ammer invites us to reflect on the<strong> <a href=\"https:\/\/ralphammer.com\/aristotle-how-to-live-a-good-life\/\" target=\"_blank\" data-type=\"link\" data-id=\"https:\/\/ralphammer.com\/aristotle-how-to-live-a-good-life\/\" rel=\"noreferrer noopener\">Aristotle's principles <\/a><\/strong>to live a good life and how these can be applied to the world of design and creativity.<\/p>\n\n\n\n<p class=\"wp-block-paragraph\">It is not only a reflective pause on our values and goals but also offers insights into how philosophical principles can influence our approach to design and life in general.<\/p>\n\n\n\n<div class=\"wp-block-media-text is-stacked-on-mobile\" style=\"grid-template-columns:25% auto\"><figure class=\"wp-block-media-text__media\"><img decoding=\"async\" src=\"https:\/\/immune.institute\/wp-content\/uploads\/2022\/04\/Raul_Marin-1920x1920.jpg\" alt=\"raul-marin-teacher-bootcamp ux ui\" class=\"wp-image-10678 size-full\"\/><\/figure><div class=\"wp-block-media-text__content\">\n<p class=\"wp-block-paragraph\">Ra\u00fal Mar\u00edn, Director of the<a href=\"https:\/\/immune.institute\/en\/programas\/bootcamp-diseno-ux-ui\/\" target=\"_blank\" data-type=\"programas\" data-id=\"7390\" rel=\"noreferrer noopener\"> Bootcamp in UX\/UI Design<\/a> of IMMUNE.<\/p>\n<\/div><\/div>","protected":false},"excerpt":{"rendered":"<p>\u00a1Hola! Aqu\u00ed estoy de vuelta con una nueva entrega de Design Talks. En esta ocasi\u00f3n, te traigo una selecci\u00f3n de recursos para dise\u00f1adores UX\/UI que he encontrado en los \u00faltimos d\u00edas. Exploraremos temas como la influencia de la IA en las herramientas creativas, metodolog\u00edas innovadoras para el dise\u00f1o de productos, la importancia de la escritura [&hellip;]<\/p>\n","protected":false},"author":3,"featured_media":12320,"comment_status":"closed","ping_status":"closed","sticky":false,"template":"","format":"standard","meta":{"_acf_changed":false,"_crdt_document":"","footnotes":""},"categories":[165],"tags":[],"class_list":["post-16198","post","type-post","status-publish","format-standard","has-post-thumbnail","hentry","category-diseno"],"acf":[],"_links":{"self":[{"href":"https:\/\/immune.institute\/en\/wp-json\/wp\/v2\/posts\/16198","targetHints":{"allow":["GET"]}}],"collection":[{"href":"https:\/\/immune.institute\/en\/wp-json\/wp\/v2\/posts"}],"about":[{"href":"https:\/\/immune.institute\/en\/wp-json\/wp\/v2\/types\/post"}],"author":[{"embeddable":true,"href":"https:\/\/immune.institute\/en\/wp-json\/wp\/v2\/users\/3"}],"replies":[{"embeddable":true,"href":"https:\/\/immune.institute\/en\/wp-json\/wp\/v2\/comments?post=16198"}],"version-history":[{"count":0,"href":"https:\/\/immune.institute\/en\/wp-json\/wp\/v2\/posts\/16198\/revisions"}],"wp:featuredmedia":[{"embeddable":true,"href":"https:\/\/immune.institute\/en\/wp-json\/wp\/v2\/media\/12320"}],"wp:attachment":[{"href":"https:\/\/immune.institute\/en\/wp-json\/wp\/v2\/media?parent=16198"}],"wp:term":[{"taxonomy":"category","embeddable":true,"href":"https:\/\/immune.institute\/en\/wp-json\/wp\/v2\/categories?post=16198"},{"taxonomy":"post_tag","embeddable":true,"href":"https:\/\/immune.institute\/en\/wp-json\/wp\/v2\/tags?post=16198"}],"curies":[{"name":"wp","href":"https:\/\/api.w.org\/{rel}","templated":true}]}}